{"id":55,"date":"2018-04-07T01:21:08","date_gmt":"2018-04-06T23:21:08","guid":{"rendered":"http:\/\/grolo.de\/?p=55"},"modified":"2018-04-07T01:21:33","modified_gmt":"2018-04-06T23:21:33","slug":"eine-fahrt-ums-maindreieck","status":"publish","type":"post","link":"https:\/\/grolo.de\/?p=55","title":{"rendered":"Eine Fahrt ums Maindreieck"},"content":{"rendered":"<div class=\"pdfprnt-buttons pdfprnt-buttons-post pdfprnt-top-right\"><a href=\"https:\/\/grolo.de\/index.php?rest_route=%2Fwp%2Fv2%2Fposts%2F55&print=pdf\" class=\"pdfprnt-button pdfprnt-button-pdf\" target=\"_blank\"><img src=\"http:\/\/grolo.de\/wp-content\/plugins\/pdf-print\/images\/pdf.png\" alt=\"image_pdf\" title=\"View PDF\" \/><\/a><a href=\"https:\/\/grolo.de\/index.php?rest_route=%2Fwp%2Fv2%2Fposts%2F55&print=print\" class=\"pdfprnt-button pdfprnt-button-print\" target=\"_blank\"><img src=\"http:\/\/grolo.de\/wp-content\/plugins\/pdf-print\/images\/print.png\" alt=\"image_print\" title=\"Print Content\" \/><\/a><\/div><p>Am 3.7. und 4.7.2017 hatte ich mein Highlight f\u00fcr die Fahrradsaison 2017:<\/p>\n<p>&nbsp;<\/p>\n<p>Eine Fahrt ums Maindreieck. Im Vorfeld entstand die Idee ein Zeitraffervideo der gesamten Fahrt aufzunehmen und dann entsprechend zu bearbeiten. Mit einer selbst gebauten Rahmenhalterung, einem 21000mAh Akku und bewaffnet mit zwei Action Cams machte ich mich dann auf den Weg.<\/p>\n<p>Da f\u00fcr meinen Trainingsstand und mein Alter 180 km an einem St\u00fcck etwas viel sind, habe ich die Strecke auf 2 Tage gesplittet (80 km am ersten Tag, 100 km am zweiten Tag) und in Schweinfurt bei meinem Neffen \u00fcbernachtet.<\/p>\n<p>Meine Fahrt f\u00fchrte mich durch 4 Landkreise (W\u00fcrzburg, Kitzingen, Schweinfurt, Mainspessart) und 52 St\u00e4dte und Gemeinden. Als &#8218;Kind des Maindreiecks&#8216; wollte ich deshalb dieses Video nicht nur zur Dokumentation eines pers\u00f6nlichen Events produzieren, sondern auch als lokalpatriotischen Beitrag zur Werbung f\u00fcr Outdooraktivit\u00e4ten in unserer fr\u00e4nkischen Heimat.<\/p>\n<p>Um das Video etwas abwechslungsreich zu gestalten habe ich es deshalb mit selbst komponierter Musik hinterlegt, sowie mit Ansagen mit der Stimme meiner Schwester.<\/p>\n<p>Meine tiefere Intension ist es die Sch\u00f6nheit und landschaftliche Vielfalt des Maindreiecks zu akzentuieren und das Auge hierf\u00fcr zu \u00f6ffnen. Ich selbst fahre nie in Urlaub, weil alles, was ich ben\u00f6tige, in einigen Stunden mit dem Fahrrad erreicht werden kann.<\/p>\n<p>Produziert habe ich das Video von Juli bis Dezember 2017 in meiner Freizeit.Die Musikproduktion dauerte von September bis Dezember 2017.<\/p>\n<p>Im \u00fcbrigen: Nein, ich bin nicht mit dem E-Bike gefahren.<\/p>\n<p><iframe src=\"https:\/\/www.youtube.com\/embed\/eI10lS0Tfr8\" width=\"560\" height=\"315\" frameborder=\"0\" allowfullscreen=\"allowfullscreen\"><\/iframe><\/p>\n<p>&nbsp;<\/p>\n","protected":false},"excerpt":{"rendered":"<p>Am 3.7. und 4.7.2017 hatte ich mein Highlight f\u00fcr die Fahrradsaison 2017: &nbsp; Eine Fahrt ums Maindreieck. Im Vorfeld entstand die Idee ein Zeitraffervideo der gesamten Fahrt aufzunehmen und dann entsprechend zu bearbeiten. Mit einer selbst gebauten Rahmenhalterung, einem 21000mAh Akku und bewaffnet mit zwei Action Cams machte ich mich dann auf den Weg. Da &hellip; <a href=\"https:\/\/grolo.de\/?p=55\" class=\"more-link\"><span class=\"screen-reader-text\">&#8222;Eine Fahrt ums Maindreieck&#8220; <\/span>weiterlesen<\/a><\/p>\n","protected":false},"author":1,"featured_media":56,"comment_status":"open","ping_status":"open","sticky":false,"template":"","format":"standard","meta":[],"categories":[3],"tags":[],"_links":{"self":[{"href":"https:\/\/grolo.de\/index.php?rest_route=\/wp\/v2\/posts\/55"}],"collection":[{"href":"https:\/\/grolo.de\/index.php?rest_route=\/wp\/v2\/posts"}],"about":[{"href":"https:\/\/grolo.de\/index.php?rest_route=\/wp\/v2\/types\/post"}],"author":[{"embeddable":true,"href":"https:\/\/grolo.de\/index.php?rest_route=\/wp\/v2\/users\/1"}],"replies":[{"embeddable":true,"href":"https:\/\/grolo.de\/index.php?rest_route=%2Fwp%2Fv2%2Fcomments&post=55"}],"version-history":[{"count":1,"href":"https:\/\/grolo.de\/index.php?rest_route=\/wp\/v2\/posts\/55\/revisions"}],"predecessor-version":[{"id":57,"href":"https:\/\/grolo.de\/index.php?rest_route=\/wp\/v2\/posts\/55\/revisions\/57"}],"wp:featuredmedia":[{"embeddable":true,"href":"https:\/\/grolo.de\/index.php?rest_route=\/wp\/v2\/media\/56"}],"wp:attachment":[{"href":"https:\/\/grolo.de\/index.php?rest_route=%2Fwp%2Fv2%2Fmedia&parent=55"}],"wp:term":[{"taxonomy":"category","embeddable":true,"href":"https:\/\/grolo.de\/index.php?rest_route=%2Fwp%2Fv2%2Fcategories&post=55"},{"taxonomy":"post_tag","embeddable":true,"href":"https:\/\/grolo.de\/index.php?rest_route=%2Fwp%2Fv2%2Ftags&post=55"}],"curies":[{"name":"wp","href":"https:\/\/api.w.org\/{rel}","templated":true}]}}