{"id":825,"date":"2020-09-05T11:31:31","date_gmt":"2020-09-05T09:31:31","guid":{"rendered":"http:\/\/grolo.de\/?p=825"},"modified":"2020-09-11T21:39:15","modified_gmt":"2020-09-11T19:39:15","slug":"impfrate-vs-coronatote","status":"publish","type":"post","link":"http:\/\/grolo.de\/?p=825","title":{"rendered":"Impfrate vs. Coronatote"},"content":{"rendered":"<div class=\"pdfprnt-buttons pdfprnt-buttons-post pdfprnt-top-right\"><a href=\"http:\/\/grolo.de\/index.php?rest_route=%2Fwp%2Fv2%2Fposts%2F825&print=pdf\" class=\"pdfprnt-button pdfprnt-button-pdf\" target=\"_blank\"><img src=\"http:\/\/grolo.de\/wp-content\/plugins\/pdf-print\/images\/pdf.png\" alt=\"image_pdf\" title=\"View PDF\" \/><\/a><a href=\"http:\/\/grolo.de\/index.php?rest_route=%2Fwp%2Fv2%2Fposts%2F825&print=print\" class=\"pdfprnt-button pdfprnt-button-print\" target=\"_blank\"><img src=\"http:\/\/grolo.de\/wp-content\/plugins\/pdf-print\/images\/print.png\" alt=\"image_print\" title=\"Print Content\" \/><\/a><\/div>\n<p>Ich habe diesen Graphen ungepr\u00fcft aus einem Video entnommen. Er zeitgt das, was ich bereits vermutet habe: <\/p>\n\n\n\n<p>Je h\u00f6her die Rate der medizinischen Behandlung, desto h\u00f6her die Corona Sterberate.<\/p>\n\n\n\n<p>Wie gesagt, ich habe die Zahlen nicht \u00fcberpr\u00fcft, aber der Zusammenhang ist f\u00fcr mich plausibel. <\/p>\n\n\n\n<p>Wichtig w\u00e4ren hier noch:<\/p>\n\n\n\n<ul><li>Intensit\u00e4t der Lockdown-Ma\u00dfnahmen vs. Coronatote<\/li><li>Intensit\u00e4t der medizinischen Behandlung (welche Medikamente wurden gegeben? Wurde beatmet? Wie wurde beatmet? etc.) vs. Coronatote<\/li><\/ul>\n\n\n\n<figure class=\"wp-block-image\"><img loading=\"lazy\" width=\"601\" height=\"492\" src=\"http:\/\/grolo.de\/wp-content\/uploads\/2020\/09\/2020-09-05-11_08_05-Das-Gute-wird-siegen-YouTube.png\" alt=\"\" class=\"wp-image-826\" srcset=\"http:\/\/grolo.de\/wp-content\/uploads\/2020\/09\/2020-09-05-11_08_05-Das-Gute-wird-siegen-YouTube.png 601w, http:\/\/grolo.de\/wp-content\/uploads\/2020\/09\/2020-09-05-11_08_05-Das-Gute-wird-siegen-YouTube-300x246.png 300w\" sizes=\"(max-width: 709px) 85vw, (max-width: 909px) 67vw, (max-width: 984px) 61vw, (max-width: 1362px) 45vw, 600px\" \/><\/figure>\n\n\n\n<p><strong>Quelle: <\/strong><\/p>\n\n\n\n<figure class=\"wp-block-embed-youtube wp-block-embed is-type-video is-provider-youtube wp-embed-aspect-16-9 wp-has-aspect-ratio\"><div class=\"wp-block-embed__wrapper\">\n<iframe title=\"Das Gute wird siegen\" width=\"840\" height=\"473\" src=\"https:\/\/www.youtube.com\/embed\/mtc-kiAI02k?feature=oembed\" frameborder=\"0\" allow=\"accelerometer; autoplay; encrypted-media; gyroscope; picture-in-picture\" allowfullscreen><\/iframe>\n<\/div><\/figure>\n\n\n\n<figure class=\"wp-block-embed-youtube wp-block-embed is-type-video is-provider-youtube wp-embed-aspect-16-9 wp-has-aspect-ratio\"><div class=\"wp-block-embed__wrapper\">\n<iframe title=\"Wahn? Interview mit Dr. Claus K\u00f6hnlein\" width=\"840\" height=\"473\" src=\"https:\/\/www.youtube.com\/embed\/Z6DCO2EWyHo?feature=oembed\" frameborder=\"0\" allow=\"accelerometer; autoplay; encrypted-media; gyroscope; picture-in-picture\" allowfullscreen><\/iframe>\n<\/div><\/figure>\n","protected":false},"excerpt":{"rendered":"<p>Ich habe diesen Graphen ungepr\u00fcft aus einem Video entnommen. Er zeitgt das, was ich bereits vermutet habe: Je h\u00f6her die Rate der medizinischen Behandlung, desto h\u00f6her die Corona Sterberate. Wie gesagt, ich habe die Zahlen nicht \u00fcberpr\u00fcft, aber der Zusammenhang ist f\u00fcr mich plausibel. Wichtig w\u00e4ren hier noch: Intensit\u00e4t der Lockdown-Ma\u00dfnahmen vs. Coronatote Intensit\u00e4t der &hellip; <a href=\"http:\/\/grolo.de\/?p=825\" class=\"more-link\"><span class=\"screen-reader-text\">&#8222;Impfrate vs. Coronatote&#8220; <\/span>weiterlesen<\/a><\/p>\n","protected":false},"author":1,"featured_media":0,"comment_status":"open","ping_status":"open","sticky":false,"template":"","format":"standard","meta":[],"categories":[12],"tags":[],"_links":{"self":[{"href":"http:\/\/grolo.de\/index.php?rest_route=\/wp\/v2\/posts\/825"}],"collection":[{"href":"http:\/\/grolo.de\/index.php?rest_route=\/wp\/v2\/posts"}],"about":[{"href":"http:\/\/grolo.de\/index.php?rest_route=\/wp\/v2\/types\/post"}],"author":[{"embeddable":true,"href":"http:\/\/grolo.de\/index.php?rest_route=\/wp\/v2\/users\/1"}],"replies":[{"embeddable":true,"href":"http:\/\/grolo.de\/index.php?rest_route=%2Fwp%2Fv2%2Fcomments&post=825"}],"version-history":[{"count":3,"href":"http:\/\/grolo.de\/index.php?rest_route=\/wp\/v2\/posts\/825\/revisions"}],"predecessor-version":[{"id":870,"href":"http:\/\/grolo.de\/index.php?rest_route=\/wp\/v2\/posts\/825\/revisions\/870"}],"wp:attachment":[{"href":"http:\/\/grolo.de\/index.php?rest_route=%2Fwp%2Fv2%2Fmedia&parent=825"}],"wp:term":[{"taxonomy":"category","embeddable":true,"href":"http:\/\/grolo.de\/index.php?rest_route=%2Fwp%2Fv2%2Fcategories&post=825"},{"taxonomy":"post_tag","embeddable":true,"href":"http:\/\/grolo.de\/index.php?rest_route=%2Fwp%2Fv2%2Ftags&post=825"}],"curies":[{"name":"wp","href":"https:\/\/api.w.org\/{rel}","templated":true}]}}