{"id":775,"date":"2020-08-31T10:35:42","date_gmt":"2020-08-31T08:35:42","guid":{"rendered":"http:\/\/grolo.de\/?p=775"},"modified":"2020-09-01T22:43:28","modified_gmt":"2020-09-01T20:43:28","slug":"unfassbar-polizei-drueckt-schwangere-frau-auf-den-boden-corona-demo-berlin","status":"publish","type":"post","link":"http:\/\/grolo.de\/?p=775","title":{"rendered":"UNFASSBAR! Polizei dr\u00fcckt Schwangere Frau auf den Boden! \/\/ Corona-Demo Berlin"},"content":{"rendered":"<div class=\"pdfprnt-buttons pdfprnt-buttons-post pdfprnt-top-right\"><a href=\"http:\/\/grolo.de\/index.php?rest_route=%2Fwp%2Fv2%2Fposts%2F775&print=pdf\" class=\"pdfprnt-button pdfprnt-button-pdf\" target=\"_blank\"><img src=\"http:\/\/grolo.de\/wp-content\/plugins\/pdf-print\/images\/pdf.png\" alt=\"image_pdf\" title=\"View PDF\" \/><\/a><a href=\"http:\/\/grolo.de\/index.php?rest_route=%2Fwp%2Fv2%2Fposts%2F775&print=print\" class=\"pdfprnt-button pdfprnt-button-print\" target=\"_blank\"><img src=\"http:\/\/grolo.de\/wp-content\/plugins\/pdf-print\/images\/print.png\" alt=\"image_print\" title=\"Print Content\" \/><\/a><\/div>\n<p>Gr\u00fc\u00dfe aus dem F\u00fchrerhauptquartier.<\/p>\n\n\n\n<figure class=\"wp-block-embed-youtube wp-block-embed is-type-video is-provider-youtube wp-embed-aspect-16-9 wp-has-aspect-ratio\"><div class=\"wp-block-embed__wrapper\">\n<iframe title=\"UNFASSBAR! Polizei dr\u00fcckt Schwangere Frau auf den Boden!   Corona Demo Berlin\" width=\"840\" height=\"473\" src=\"https:\/\/www.youtube.com\/embed\/F3pxqFO5R1s?feature=oembed\" frameborder=\"0\" allow=\"accelerometer; autoplay; encrypted-media; gyroscope; picture-in-picture\" allowfullscreen><\/iframe>\n<\/div><\/figure>\n\n\n\n<figure class=\"wp-block-embed-youtube wp-block-embed is-type-video is-provider-youtube wp-embed-aspect-16-9 wp-has-aspect-ratio\"><div class=\"wp-block-embed__wrapper\">\n<iframe title=\"UNFASSBAR! Polizei dr\u00fcckt Schwangere Frau auf den Boden! \/\/ Corona-Demo Berlin\" width=\"840\" height=\"473\" src=\"https:\/\/www.youtube.com\/embed\/vOarFfGLGk0?feature=oembed\" frameborder=\"0\" allow=\"accelerometer; autoplay; encrypted-media; gyroscope; picture-in-picture\" allowfullscreen><\/iframe>\n<\/div><\/figure>\n\n\n\n<figure class=\"wp-block-embed-youtube wp-block-embed is-type-video is-provider-youtube wp-embed-aspect-16-9 wp-has-aspect-ratio\"><div class=\"wp-block-embed__wrapper\">\n<iframe title=\"Polizei misshandelt wehrlose Demonstrantin, Berlin am 30.08.2020\" width=\"840\" height=\"473\" src=\"https:\/\/www.youtube.com\/embed\/HlV7LOadHt8?feature=oembed\" frameborder=\"0\" allow=\"accelerometer; autoplay; encrypted-media; gyroscope; picture-in-picture\" allowfullscreen><\/iframe>\n<\/div><\/figure>\n\n\n\n<p>Ger\u00fcchten nach ist die Frau sp\u00e4ter verstorben. Wenn das stimmt, dann haben wir einen Fall von Totschlag.<\/p>\n\n\n\n<figure class=\"wp-block-embed-youtube wp-block-embed is-type-video is-provider-youtube wp-embed-aspect-16-9 wp-has-aspect-ratio\"><div class=\"wp-block-embed__wrapper\">\n<iframe title=\"Polizeitgewalt in Berlin - Ein Aufruf an Medien &amp; Regierungen! \/\/ Corona Demo (Raphael Bonelli)\" width=\"840\" height=\"473\" src=\"https:\/\/www.youtube.com\/embed\/tNBNb7E3gq0?feature=oembed\" frameborder=\"0\" allow=\"accelerometer; autoplay; encrypted-media; gyroscope; picture-in-picture\" allowfullscreen><\/iframe>\n<\/div><\/figure>\n","protected":false},"excerpt":{"rendered":"<p>Gr\u00fc\u00dfe aus dem F\u00fchrerhauptquartier. Ger\u00fcchten nach ist die Frau sp\u00e4ter verstorben. Wenn das stimmt, dann haben wir einen Fall von Totschlag.<\/p>\n","protected":false},"author":1,"featured_media":0,"comment_status":"open","ping_status":"open","sticky":false,"template":"","format":"standard","meta":[],"categories":[12],"tags":[],"_links":{"self":[{"href":"http:\/\/grolo.de\/index.php?rest_route=\/wp\/v2\/posts\/775"}],"collection":[{"href":"http:\/\/grolo.de\/index.php?rest_route=\/wp\/v2\/posts"}],"about":[{"href":"http:\/\/grolo.de\/index.php?rest_route=\/wp\/v2\/types\/post"}],"author":[{"embeddable":true,"href":"http:\/\/grolo.de\/index.php?rest_route=\/wp\/v2\/users\/1"}],"replies":[{"embeddable":true,"href":"http:\/\/grolo.de\/index.php?rest_route=%2Fwp%2Fv2%2Fcomments&post=775"}],"version-history":[{"count":7,"href":"http:\/\/grolo.de\/index.php?rest_route=\/wp\/v2\/posts\/775\/revisions"}],"predecessor-version":[{"id":804,"href":"http:\/\/grolo.de\/index.php?rest_route=\/wp\/v2\/posts\/775\/revisions\/804"}],"wp:attachment":[{"href":"http:\/\/grolo.de\/index.php?rest_route=%2Fwp%2Fv2%2Fmedia&parent=775"}],"wp:term":[{"taxonomy":"category","embeddable":true,"href":"http:\/\/grolo.de\/index.php?rest_route=%2Fwp%2Fv2%2Fcategories&post=775"},{"taxonomy":"post_tag","embeddable":true,"href":"http:\/\/grolo.de\/index.php?rest_route=%2Fwp%2Fv2%2Ftags&post=775"}],"curies":[{"name":"wp","href":"https:\/\/api.w.org\/{rel}","templated":true}]}}