{"id":251,"date":"2020-04-10T22:06:37","date_gmt":"2020-04-10T20:06:37","guid":{"rendered":"http:\/\/grolo.de\/?p=251"},"modified":"2020-08-28T20:36:32","modified_gmt":"2020-08-28T18:36:32","slug":"pandemie-in-bayern","status":"publish","type":"post","link":"http:\/\/grolo.de\/?p=251","title":{"rendered":"Pandemie in Bayern"},"content":{"rendered":"<div class=\"pdfprnt-buttons pdfprnt-buttons-post pdfprnt-top-right\"><a href=\"http:\/\/grolo.de\/index.php?rest_route=%2Fwp%2Fv2%2Fposts%2F251&print=pdf\" class=\"pdfprnt-button pdfprnt-button-pdf\" target=\"_blank\"><img src=\"http:\/\/grolo.de\/wp-content\/plugins\/pdf-print\/images\/pdf.png\" alt=\"image_pdf\" title=\"View PDF\" \/><\/a><a href=\"http:\/\/grolo.de\/index.php?rest_route=%2Fwp%2Fv2%2Fposts%2F251&print=print\" class=\"pdfprnt-button pdfprnt-button-print\" target=\"_blank\"><img src=\"http:\/\/grolo.de\/wp-content\/plugins\/pdf-print\/images\/print.png\" alt=\"image_print\" title=\"Print Content\" \/><\/a><\/div>\n<p>Am 8.4.2020, also vor 2 Tage aufgenommen. Heute war ich mit dem Fahrrad unterwegs und es war nichts zu sp\u00fcren von einer gef\u00e4hrlichen Pandemie, au\u00dfer dass der eine oder andere mit Mundschutz ruml\u00e4uft. V\u00f6lkerscharen auf Fahrr\u00e4dern, eigenltich nervig, aber im Moment wirklich beruhigend. <\/p>\n\n\n\n<p>Die Cops halten still, ab und an f\u00e4hrt mal ein Streifenwagen durch, aber die wiessen offensichtlich auch, dass das alles Unfug ist.<\/p>\n\n\n\n<figure class=\"wp-block-embed-youtube wp-block-embed is-type-rich is-provider-handler-einbetten wp-embed-aspect-16-9 wp-has-aspect-ratio\"><div class=\"wp-block-embed__wrapper\">\n<iframe title=\"Training zum Saisonstart 8.4.2020\" width=\"840\" height=\"473\" src=\"https:\/\/www.youtube.com\/embed\/n5gkm9QT5Uo?feature=oembed\" frameborder=\"0\" allow=\"accelerometer; autoplay; encrypted-media; gyroscope; picture-in-picture\" allowfullscreen><\/iframe>\n<\/div><\/figure>\n","protected":false},"excerpt":{"rendered":"<p>Am 8.4.2020, also vor 2 Tage aufgenommen. Heute war ich mit dem Fahrrad unterwegs und es war nichts zu sp\u00fcren von einer gef\u00e4hrlichen Pandemie, au\u00dfer dass der eine oder andere mit Mundschutz ruml\u00e4uft. V\u00f6lkerscharen auf Fahrr\u00e4dern, eigenltich nervig, aber im Moment wirklich beruhigend. Die Cops halten still, ab und an f\u00e4hrt mal ein Streifenwagen durch, &hellip; <a href=\"http:\/\/grolo.de\/?p=251\" class=\"more-link\"><span class=\"screen-reader-text\">&#8222;Pandemie in Bayern&#8220; <\/span>weiterlesen<\/a><\/p>\n","protected":false},"author":1,"featured_media":0,"comment_status":"open","ping_status":"open","sticky":false,"template":"","format":"standard","meta":[],"categories":[8,12],"tags":[],"_links":{"self":[{"href":"http:\/\/grolo.de\/index.php?rest_route=\/wp\/v2\/posts\/251"}],"collection":[{"href":"http:\/\/grolo.de\/index.php?rest_route=\/wp\/v2\/posts"}],"about":[{"href":"http:\/\/grolo.de\/index.php?rest_route=\/wp\/v2\/types\/post"}],"author":[{"embeddable":true,"href":"http:\/\/grolo.de\/index.php?rest_route=\/wp\/v2\/users\/1"}],"replies":[{"embeddable":true,"href":"http:\/\/grolo.de\/index.php?rest_route=%2Fwp%2Fv2%2Fcomments&post=251"}],"version-history":[{"count":1,"href":"http:\/\/grolo.de\/index.php?rest_route=\/wp\/v2\/posts\/251\/revisions"}],"predecessor-version":[{"id":253,"href":"http:\/\/grolo.de\/index.php?rest_route=\/wp\/v2\/posts\/251\/revisions\/253"}],"wp:attachment":[{"href":"http:\/\/grolo.de\/index.php?rest_route=%2Fwp%2Fv2%2Fmedia&parent=251"}],"wp:term":[{"taxonomy":"category","embeddable":true,"href":"http:\/\/grolo.de\/index.php?rest_route=%2Fwp%2Fv2%2Fcategories&post=251"},{"taxonomy":"post_tag","embeddable":true,"href":"http:\/\/grolo.de\/index.php?rest_route=%2Fwp%2Fv2%2Ftags&post=251"}],"curies":[{"name":"wp","href":"https:\/\/api.w.org\/{rel}","templated":true}]}}